{"id":92,"date":"2020-06-20T22:54:19","date_gmt":"2020-06-20T22:54:19","guid":{"rendered":"http:\/\/mjbo.de\/info\/?p=92"},"modified":"2020-06-20T18:26:56","modified_gmt":"2020-06-20T18:26:56","slug":"rencontre-hongrois-paris","status":"publish","type":"post","link":"http:\/\/mjbo.de\/info\/2020\/06\/20\/rencontre-hongrois-paris\/","title":{"rendered":"Rencontre Hongrois Paris"},"content":{"rendered":"<p><img decoding=\"async\" src=\"http:\/\/kjorlbingwine.gq\/wp-content\/uploads\/2015\/10\/ECO_TANK_VISU_BLOG1.jpg\" alt=\"rencontre hongrois paris\" align=\"right\">  En 1938, il est \u00e9bloui par un concert de Bela Bartok qui lui r\u00e9v\u00e8le sa propre modernit\u00e9. Il vient \u00e0 Paris o\u00f9 il rencontre Vieira da Silva, Giacometti, Picasso et se lie damiti\u00e9 avec Fran\u00e7oise Gilot Paris est largement favori face aux modestes et inconnus Hongrois, qui vont donner une le\u00e7on de football et defficacit\u00e9 au PSG, en menant 4-0 apr\u00e8s 70 minutes de jeu! 1948-1953 : Guerre sociale livr\u00e9e \u00e0 la noblesse en tant que classe. Ses membres sont spoli\u00e9s de leurs biens, d\u00e9plac\u00e9s, r\u00e9duits aux emplois les plus subalternes, d\u00e9class\u00e9s. RdV \u00e0 20h00 pour un ap\u00e9ritif debout-plus convivial pour faire les pr\u00e9sentations et commencer \u00e0 faire connaissance-et ensuite d\u00eener de qualit\u00e9 dans un restaurant \u00e0 proximit\u00e9 du m\u00e9tro Ternes. <img decoding=\"async\" src=\"http:\/\/www.clavisfilms.com\/v3\/imagesv4\/caporal2.png\" alt=\"rencontre hongrois paris\" align=\"left\"> Pour \u00eatre inform\u00e9 des prochaines dates pour Chaire tournante Derwent Top 100 Global Innovators qui vient d\u00eatre publi\u00e9 par lagence Clarivate Analytics. En d\u00e9pit des objections austro-hongroises, laccord austro-allemand insiste sur la n\u00e9cessit\u00e9 dapprofondir lunion \u00e9conomique entre les deux empires. Elles seront \u00e9galement utilis\u00e9es sous r\u00e9serve des options souscrites, \u00e0 des fins de ciblage publicitaire.  probl\u00e8mes socio-\u00e9conomiques profonds de la soci\u00e9t\u00e9 am\u00e9ricaine, a Se donne pour objectif de faire rayonner \u00e0 linternational l\u0153uvre de Liszt, dans lesprit et en collaboration avec lassociation et le festival Lisztomanias de Ch\u00e2teauroux directeur artistique J Y. Cl\u00e9ment <img decoding=\"async\" src=\"http:\/\/www.hairmeeytwardrobe.gq\/9768-home_default\/papier-peint-design-pont-de-chine.jpg\" alt=\"rencontre hongrois paris\" align=\"right\"> litteraturehongroise.fr-2020-Tous droits r\u00e9serv\u00e9s 2006-2009 : \u00c9tudes doctorales dans le domaine de lhistoire de lart, anthropologie visuelle, lAtelier franco-hongrois, \u00c9cole doctorale de lE\u00f6tv\u00f6s Lor\u00e1nd Universit\u00e9 des sciences, Budapest. Eurodentaire propose des entretiens pr\u00e9alables en France, afin de permettre au candidat aux soins dentaires en Hongrie de documenter sa d\u00e9marche et obtenir les informations n\u00e9cessaires pour mettre en place son projet de soins dentaires.  Bruxelles a exprim\u00e9 des doutes sur le texte, notamment sur lind\u00e9pendance de lautorit\u00e9 charg\u00e9e de superviser les m\u00e9dias, enti\u00e8rement compos\u00e9e de membres du Fidesz, le parti de Viktor Orban. Le sujet devrait dominer une r\u00e9union pr\u00e9vue vendredi \u00e0 Budapest entre la Commission europ\u00e9enne et le gouvernement hongrois, marquant le d\u00e9but effectif de la pr\u00e9sidence hongroise de lUE. Mais votre voyage, monsieur le Premier secr\u00e9taire, messieurs, rev\u00eat une haute signification qui d\u00e9passe largement le seul examen en-commun de nos relations bilat\u00e9rales. Des candidats ont pos\u00e9 des QPC transmises lundi 25 mai \u00e0 linstitution. 9 Lives magazine vous propose au quotidien toutes les actualit\u00e9s du monde de limage. En Hongrie, la loi sur les archives vot\u00e9e en 1995 stipule que tout fonds peut \u00eatre ouvert aux chercheurs sans distinction de nationalit\u00e9, toutefois une prescription de quinze ans sapplique aux documents les plus contemporains dont la limite a \u00e9t\u00e9 fix\u00e9e au 2 mai 1990; pour les documents \u00e9mis ult\u00e9rieurement, cest la r\u00e8gle des trente ans qui sapplique. Des d\u00e9rogations sont possibles pour contourner ces d\u00e9lais, les demandes sont r\u00e9gies par un curatorium Lev\u00e9lt\u00e1ri kutat\u00e1sok kuratoriuma compos\u00e9 de membres des principaux fonds Archives nationales et des instituts dhistoire Institut dhistoire politique, Institut de 1956, Acad\u00e9mie des Sciences. Les documents plus sensibles, archives personnelles, secrets d\u00c9tat etc, font lobjet de p\u00e9riodes plus longues de communication, voire dinterdictions. Mais de mani\u00e8re g\u00e9n\u00e9rale, la loi demeure tr\u00e8s lib\u00e9rale et les difficult\u00e9s de communication surgissent dans la plupart des cas pour des raisons ind\u00e9pendantes de la l\u00e9gislation: manque de place, de personnel, absence de catalogage pour les fonds les plus r\u00e9cents. Cette situation caract\u00e9rise notamment les fonds qui ne d\u00e9pendent pas des archives centrales tels que les archives des syndicats Szakszervezetek k\u00f6zponti lev\u00e9lt\u00e1ra, les archives des anciennes grandes entreprises publiques qui sont cens\u00e9es \u00eatre regroup\u00e9es dans les fonds locaux correspondantset, enfin, les archives r\u00e9gionales qui souffrent dun manque de moyens \u00e9vident ne permettant pas un acc\u00e8s suffisamment large. Ces contraintes affectent avant tout les chercheurs hongrois et, dans une bien moindre mesure, les scientifiques \u00e9trangers qui travaillent le plus souvent dans les archives centrales, toutes situ\u00e9es \u00e0 Budapest, lesquelles fonctionnent de fa\u00e7on tout \u00e0 fait satisfaisante. N\u00e9anmoins, la loi sur les archives stipule que les diff\u00e9rentes administrations except\u00e9 le minist\u00e8re de lInt\u00e9rieur qui dispose de ses propres archives doivent, dans les ann\u00e9es qui viennent, reverser aux archives nationales et locales les documents concernant la p\u00e9riode 1965-1980; cette disposition, qui constitue certes une avanc\u00e9e, menace dencombrer encore davantage des services d\u00e9j\u00e0 surcharg\u00e9s de dossiers \u00e0 archiver et que les restrictions budg\u00e9taires r\u00e9centes privent de personnel. Dans l\u00e9tat actuel, aucune r\u00e9vision de la l\u00e9gislation de 1995 nest envisag\u00e9e et encore moins une augmentation du budget d\u00e9volu aux archives par le minist\u00e8re de la Culture. Avec la signature du trait\u00e9 de Trianon, le 4 juin 1920, les Magyars de.<\/p>\n","protected":false},"excerpt":{"rendered":"<p>rencontre hongrois paris<\/p>\n","protected":false},"author":1,"featured_media":0,"comment_status":"closed","ping_status":"closed","sticky":false,"template":"","format":"standard","meta":{"neve_meta_sidebar":"","neve_meta_container":"","neve_meta_enable_content_width":"","neve_meta_content_width":0,"neve_meta_title_alignment":"","neve_meta_author_avatar":"","neve_post_elements_order":"","neve_meta_disable_header":"","neve_meta_disable_footer":"","neve_meta_disable_title":"","footnotes":""},"categories":[1],"tags":[],"_links":{"self":[{"href":"http:\/\/mjbo.de\/info\/wp-json\/wp\/v2\/posts\/92"}],"collection":[{"href":"http:\/\/mjbo.de\/info\/wp-json\/wp\/v2\/posts"}],"about":[{"href":"http:\/\/mjbo.de\/info\/wp-json\/wp\/v2\/types\/post"}],"author":[{"embeddable":true,"href":"http:\/\/mjbo.de\/info\/wp-json\/wp\/v2\/users\/1"}],"replies":[{"embeddable":true,"href":"http:\/\/mjbo.de\/info\/wp-json\/wp\/v2\/comments?post=92"}],"version-history":[{"count":1,"href":"http:\/\/mjbo.de\/info\/wp-json\/wp\/v2\/posts\/92\/revisions"}],"predecessor-version":[{"id":93,"href":"http:\/\/mjbo.de\/info\/wp-json\/wp\/v2\/posts\/92\/revisions\/93"}],"wp:attachment":[{"href":"http:\/\/mjbo.de\/info\/wp-json\/wp\/v2\/media?parent=92"}],"wp:term":[{"taxonomy":"category","embeddable":true,"href":"http:\/\/mjbo.de\/info\/wp-json\/wp\/v2\/categories?post=92"},{"taxonomy":"post_tag","embeddable":true,"href":"http:\/\/mjbo.de\/info\/wp-json\/wp\/v2\/tags?post=92"}],"curies":[{"name":"wp","href":"https:\/\/api.w.org\/{rel}","templated":true}]}}