{"id":9805,"date":"2020-07-06T01:06:41","date_gmt":"2020-07-06T01:06:41","guid":{"rendered":"http:\/\/mjbo.de\/info\/?p=9805"},"modified":"2020-06-28T15:34:00","modified_gmt":"2020-06-28T15:34:00","slug":"rencontres-polyphoniques-de-calvi-2011","status":"publish","type":"post","link":"http:\/\/mjbo.de\/info\/2020\/07\/06\/rencontres-polyphoniques-de-calvi-2011\/","title":{"rendered":"Rencontres Polyphoniques De Calvi 2011"},"content":{"rendered":"<p>Ondanks nederlaag, naderen dames de top 3-VV Waskemeer Le r\u00e9pertoire de Fabrizio de Andr\u00e9 et des cantautori italiens. Originaire de Rusiu, Anna Rocchi a particip\u00e9 \u00e0 laventure de Canta U Populu Corsu. Issue dune grande famille de chanteurs tels Charles Rocchi ou Philippe Rocchi, elle est \u00e9galement h\u00e9riti\u00e8re de la riche tradition de Rusiu. A la fois profond\u00e9ment enracin\u00e9e dans cette tradition et tourn\u00e9e vers la cr\u00e9ation, elle occupe une place particuli\u00e8re dans le chant f\u00e9minin insulaire. A loccasion de ces deux sessions elle nous fera partager son exp\u00e9rience du chant, quelle pratique depuis lenfance, mais \u00e9galement sa sensibilit\u00e9 et son engagement culturel. Ces trois musiciens r\u00e9unis pour la premi\u00e8re fois ont pr\u00e9sent\u00e9s des \u0153uvres du r\u00e9pertoire \u00e9crit allant du moyen-\u00e2ge jusqu\u00e0 Bach, ainsi que des improvisations dans le style ancien et contemporain. On y trouve m\u00eame un r\u00e9cit sur une basse de Romanesca, comme chez Frescobaldi ou Sigismondo dIndia.Il nous reste tr\u00e8s peu dinformations sur Pellegrino Possenti, ce qui laisse \u00e0 supposer quil n\u00e9tait pas un musicien professionnel mais bien un amateur \u00e9clair\u00e9, \u00e0 l\u00e9coute de Monteverdi quil admirait et \u00e0 l\u00e9coute de son temps. Reflet dune \u00e9poque en pleine effervescence, qui donne naissance \u00e0 de nombreux musiciens capables d\u00e9crire leurs propres textes, de les mettre en musique et de les interpr\u00e9ter en saccompagnant eux-m\u00eames. Montage et cr\u00e9ation en partenariat avec le THEATRE DES BERNARDINES, lEnsemble MUSICATREIZE Marseille et la Direction des Affaires Culturelles dAjaccio sur un texte original de Maria-Teresa HORTA, une cr\u00e9ation musicale dAntonio CHAGAS-ROSA pour 8 chanteurs. Et des artistes, il y en aura. Tous ou presque dans un registre essentiellement polyphonique. Des laudes des confr\u00e9ries dOrient et dOccident du concert douverture aux improvisations du trio palestinien Joubran, en passant par les polyphonies fran\u00e7aises et anglaises de lan 1000 de lensemble Dialogos ou les chants g\u00e9orgiens du groupe Imeri, on pourra voyager dans lespace et le temps. Vingt ans aux c\u00f4t\u00e9s de tous ceux qui ont la conviction que la vie est de ces batailles \u00e0 mener dont il ne faille sortir ni vainqueur ni vaincu, mais grandi. Concert du Choeur SUO TEMPORE de Valbonne Sophia Antipolis, dirig\u00e9 par Alain Jean VERNET. L\u00e9tude des r\u00e9pertoires anciens ne peut se cantonner \u00e0 une simple reconstitution dun mat\u00e9riel \u00e9crit ou oral. Elle appelle une autre relation \u00e0 la m\u00e9moire, \u00e0 sa construction au travers de comportements musicaux r\u00e9v\u00e9lateurs dautres horizons. La pratique de ces musiques transforme profond\u00e9ment la relation au patrimoine. A lorigine, ce mouvement ne pr\u00e9sentait quun simple int\u00e9r\u00eat arch\u00e9ologique ou esth\u00e9tique. Mais au fur et \u00e0 mesure de son \u00e9volution, il appara\u00eet que ce travail sur les musiques du pass\u00e9 am\u00e8ne \u00e0 repenser en profondeur les comportements musicaux et leurs fonctions au sein du tissu social. <img decoding=\"async\" src=\"http:\/\/satfsen.tk\/wp-content\/uploads\/2018\/07\/how-to-hire-a-cleaning-service-480x384.jpg\" alt=\"rencontres polyphoniques de calvi 2011\" align=\"center\">  qui enseigne le clavecin au conservatoire du VII\u00e8me \u00e0 Paris, anime un atelier consacr\u00e9 au rapport entre cet instrument et lorgue. Outre les techniques traditionnelles, M. GRILLO HART a recours \u00e0 un logiciel danalyse vocale appel\u00e9 Spectrogramme, r\u00e9guli\u00e8rement utilis\u00e9 aujourdhui dans les universit\u00e9s am\u00e9ricaines. Donna di tarra lisulana pueta Omi amansati a dorme in lu pettu MISE EN SCENE DE LA FETE : ENRICO MASSEROLI. Il navait pas 20 ans quand, sur les \u00e9chasses du Teatro Tascabile di Bergamo, il d\u00e9valait les Chjapatte de Pigna pour le premier Paese in Festa, rest\u00e9 une l\u00e9gende. Toujours la chaleur sur Calvi. A lOratoire, le 18 h est consacr\u00e9 au PVC Napoli Quartet. Sous ce nom \u00e9nigmatique, aucune r\u00e9f\u00e9rence \u00e0 un mat\u00e9riau omnipr\u00e9sent mais tout simplement : Pelle Voci Corde. Des peaux, des voix et des cordes, celles de Carlo Faiello voix, guitare, chitarra battente et tammorra, dImma Argiento voix, tammorra et tamburello, de Maurillio Taiani voix, chitarra battente et tammorra, de Pasquale Nocerino violon, voix et tammorra et de Francesco Di Vicino voix, guitare et tammorra. Le 25072011-Peru Casevechje. I Luni di lidentit\u00e0 <img decoding=\"async\" src=\"http:\/\/1.bp.blogspot.com\/-CFUIT6qpRiQ\/U0K1HRSKAzI\/AAAAAAAACp8\/07JoShJqPR0\/s1600\/S%C3%A8na+Noble+su0027entretenant+avec+les+journalistes+(3).JPG\" alt=\"rencontres polyphoniques de calvi 2011\" align=\"left\"> Dimanche 27 novembre 2016 \u00e0 16h00-Chapelle de la citadelle de Saint Florent Cest comme le meilleur dune relation, \u00e0 la fois enrichissante et probl\u00e9matique, r\u00e9confortante mais stimulante. Bonne \u00e9coute. Jean-Marc et Sylvie LHotel : un couple \u00e0 qui javais donn\u00e9 par mal dinfos pour un trek corse quils ont finalement pu faire, Ese-Pozzi-Vitalaca-Bastelica-Ortala-Penta-Bocognano-Ref. De lOnda-Pinzi Corbini-Petra Piana-Guagnu-Tretorre-Guagnu. Ils mont envoy\u00e9 un petit compte-rendu sur leur randonn\u00e9e que je nai finalement pas publi\u00e9 faute de photos quils ont oubli\u00e9 de menvoyer! Evidemment, on peut ainsi comprendre pourquoi en Corse on trouve beaucoup plus darch\u00e9ologues sp\u00e9cialistes de fouilles que damateurs de prospections, et, visiblement, Dum\u00e9 a \u00e9t\u00e9 bien content de tomber sur un fada comme moi pour laccompagner apr\u00e8s avoir \u00e9puis\u00e9 bien dautres partenaires ant\u00e9rieurs. <img decoding=\"async\" src=\"http:\/\/cdn.wtvideo.com\/images\/original\/8054.jpg\" alt=\"rencontres polyphoniques de calvi 2011\" align=\"right\">   T\u00e9l\u00e9thon 2015 le vendredi 4 et le samedi 5 d\u00e9cembre \u00e0 Saint Florent, Balagne, du choeur polyphonique de Calvi, d U Concordu de Orosei Sardaigne, d Anghjula Dea, A Ribuccata, etc. En pr\u00e9sence dAnge LECCIA, en partenariat avec la CASA DI LUME, Cin\u00e9math\u00e8que de Corse.<\/p>\n","protected":false},"excerpt":{"rendered":"<p>rencontres polyphoniques de calvi 2011<\/p>\n","protected":false},"author":1,"featured_media":0,"comment_status":"closed","ping_status":"closed","sticky":false,"template":"","format":"standard","meta":{"neve_meta_sidebar":"","neve_meta_container":"","neve_meta_enable_content_width":"","neve_meta_content_width":0,"neve_meta_title_alignment":"","neve_meta_author_avatar":"","neve_post_elements_order":"","neve_meta_disable_header":"","neve_meta_disable_footer":"","neve_meta_disable_title":"","footnotes":""},"categories":[1],"tags":[],"_links":{"self":[{"href":"http:\/\/mjbo.de\/info\/wp-json\/wp\/v2\/posts\/9805"}],"collection":[{"href":"http:\/\/mjbo.de\/info\/wp-json\/wp\/v2\/posts"}],"about":[{"href":"http:\/\/mjbo.de\/info\/wp-json\/wp\/v2\/types\/post"}],"author":[{"embeddable":true,"href":"http:\/\/mjbo.de\/info\/wp-json\/wp\/v2\/users\/1"}],"replies":[{"embeddable":true,"href":"http:\/\/mjbo.de\/info\/wp-json\/wp\/v2\/comments?post=9805"}],"version-history":[{"count":1,"href":"http:\/\/mjbo.de\/info\/wp-json\/wp\/v2\/posts\/9805\/revisions"}],"predecessor-version":[{"id":9806,"href":"http:\/\/mjbo.de\/info\/wp-json\/wp\/v2\/posts\/9805\/revisions\/9806"}],"wp:attachment":[{"href":"http:\/\/mjbo.de\/info\/wp-json\/wp\/v2\/media?parent=9805"}],"wp:term":[{"taxonomy":"category","embeddable":true,"href":"http:\/\/mjbo.de\/info\/wp-json\/wp\/v2\/categories?post=9805"},{"taxonomy":"post_tag","embeddable":true,"href":"http:\/\/mjbo.de\/info\/wp-json\/wp\/v2\/tags?post=9805"}],"curies":[{"name":"wp","href":"https:\/\/api.w.org\/{rel}","templated":true}]}}